{"id":1059,"date":"2013-09-22T03:29:27","date_gmt":"2013-09-21T21:29:27","guid":{"rendered":"http:\/\/www.kraeuterklatsch.de\/?p=1059"},"modified":"2014-01-22T23:19:45","modified_gmt":"2014-01-22T17:19:45","slug":"ananas","status":"publish","type":"post","link":"http:\/\/www.kraeuterklatsch.de\/?p=1059","title":{"rendered":"Ananas"},"content":{"rendered":"<p><a href=\"http:\/\/www.kraeuterklatsch.de\/wp-content\/uploads\/2013\/09\/P1040376.jpg\"><img loading=\"lazy\" class=\"alignleft size-medium wp-image-1064\" alt=\"P1040376\" src=\"http:\/\/www.kraeuterklatsch.de\/wp-content\/uploads\/2013\/09\/P1040376-300x225.jpg\" width=\"300\" height=\"225\" srcset=\"http:\/\/www.kraeuterklatsch.de\/wp-content\/uploads\/2013\/09\/P1040376-300x225.jpg 300w, http:\/\/www.kraeuterklatsch.de\/wp-content\/uploads\/2013\/09\/P1040376.jpg 1024w\" sizes=\"(max-width: 300px) 100vw, 300px\" \/><\/a>Vor 3 Jahren haben wir einen Versuch gestartet eine Ananas selbst heranzuziehen, 2, 5 Jahre habe ich ein&#8221; h\u00e4ssliches spitziges Gew\u00e4chs&#8221; gepflegt, gegossen im Fr\u00fchjahr rausgestellt und im Herbst wieder reingeholt und diesen Sommer die riesige Belohnung zuerst die Bl\u00fcte und dann eine kleine Frucht.<\/p>\n<p>Und weil es so viel Spass gemacht hat habe ich 4 neue gepflanzt und alle 4 sind angewachsen . Bei \u00a0http:\/\/www.attensaat.de \u00a0kann man ganz genau nachlesen wie man so etwas \u00a0wundersch\u00f6nes heranzieht.<a href=\"http:\/\/www.kraeuterklatsch.de\/?attachment_id=1357\" rel=\"attachment wp-att-1357\"><img loading=\"lazy\" class=\"alignright size-medium wp-image-1357\" alt=\"IMG_0041\" src=\"http:\/\/www.kraeuterklatsch.de\/wp-content\/uploads\/2013\/09\/IMG_0041-300x224.jpg\" width=\"300\" height=\"224\" srcset=\"http:\/\/www.kraeuterklatsch.de\/wp-content\/uploads\/2013\/09\/IMG_0041-300x224.jpg 300w, http:\/\/www.kraeuterklatsch.de\/wp-content\/uploads\/2013\/09\/IMG_0041.jpg 2048w\" sizes=\"(max-width: 300px) 100vw, 300px\" \/><\/a><\/p>\n<p><a href=\"http:\/\/www.kraeuterklatsch.de\/wp-content\/uploads\/2013\/09\/Foto-21.jpg\"><img loading=\"lazy\" class=\"alignleft size-medium wp-image-1060\" alt=\"Foto-2\" src=\"http:\/\/www.kraeuterklatsch.de\/wp-content\/uploads\/2013\/09\/Foto-21-224x300.jpg\" width=\"224\" height=\"300\" srcset=\"http:\/\/www.kraeuterklatsch.de\/wp-content\/uploads\/2013\/09\/Foto-21-224x300.jpg 224w, http:\/\/www.kraeuterklatsch.de\/wp-content\/uploads\/2013\/09\/Foto-21.jpg 765w\" sizes=\"(max-width: 224px) 100vw, 224px\" \/><\/a><\/p>\n","protected":false},"excerpt":{"rendered":"<p>Vor 3 Jahren haben wir einen Versuch gestartet eine Ananas selbst heranzuziehen, 2, 5 Jahre habe ich ein&#8221; h\u00e4ssliches spitziges Gew\u00e4chs&#8221; gepflegt, gegossen im Fr\u00fchjahr rausgestellt und im Herbst wieder reingeholt und diesen Sommer die riesige Belohnung zuerst die Bl\u00fcte &hellip; <a href=\"http:\/\/www.kraeuterklatsch.de\/?p=1059\">Weiterlesen <span class=\"meta-nav\">&rarr;<\/span><\/a><\/p>\n","protected":false},"author":1,"featured_media":1357,"comment_status":"open","ping_status":"open","sticky":false,"template":"","format":"standard","meta":[],"categories":[11],"tags":[],"_links":{"self":[{"href":"http:\/\/www.kraeuterklatsch.de\/index.php?rest_route=\/wp\/v2\/posts\/1059"}],"collection":[{"href":"http:\/\/www.kraeuterklatsch.de\/index.php?rest_route=\/wp\/v2\/posts"}],"about":[{"href":"http:\/\/www.kraeuterklatsch.de\/index.php?rest_route=\/wp\/v2\/types\/post"}],"author":[{"embeddable":true,"href":"http:\/\/www.kraeuterklatsch.de\/index.php?rest_route=\/wp\/v2\/users\/1"}],"replies":[{"embeddable":true,"href":"http:\/\/www.kraeuterklatsch.de\/index.php?rest_route=%2Fwp%2Fv2%2Fcomments&post=1059"}],"version-history":[{"count":5,"href":"http:\/\/www.kraeuterklatsch.de\/index.php?rest_route=\/wp\/v2\/posts\/1059\/revisions"}],"predecessor-version":[{"id":1360,"href":"http:\/\/www.kraeuterklatsch.de\/index.php?rest_route=\/wp\/v2\/posts\/1059\/revisions\/1360"}],"wp:featuredmedia":[{"embeddable":true,"href":"http:\/\/www.kraeuterklatsch.de\/index.php?rest_route=\/wp\/v2\/media\/1357"}],"wp:attachment":[{"href":"http:\/\/www.kraeuterklatsch.de\/index.php?rest_route=%2Fwp%2Fv2%2Fmedia&parent=1059"}],"wp:term":[{"taxonomy":"category","embeddable":true,"href":"http:\/\/www.kraeuterklatsch.de\/index.php?rest_route=%2Fwp%2Fv2%2Fcategories&post=1059"},{"taxonomy":"post_tag","embeddable":true,"href":"http:\/\/www.kraeuterklatsch.de\/index.php?rest_route=%2Fwp%2Fv2%2Ftags&post=1059"}],"curies":[{"name":"wp","href":"https:\/\/api.w.org\/{rel}","templated":true}]}}