{"id":112,"date":"2011-09-23T12:17:39","date_gmt":"2011-09-23T06:17:39","guid":{"rendered":"http:\/\/www.kraeuterklatsch.de\/?p=112"},"modified":"2012-09-14T15:53:07","modified_gmt":"2012-09-14T09:53:07","slug":"amaranth-fuchsschwanz","status":"publish","type":"post","link":"http:\/\/www.kraeuterklatsch.de\/?p=112","title":{"rendered":"Amaranth Fuchsschwanz"},"content":{"rendered":"<p><em><a href=\"http:\/\/www.kraeuterklatsch.de\/wp-content\/uploads\/2011\/09\/P1000263.jpg\"><img loading=\"lazy\" class=\"alignright size-medium wp-image-644\" title=\"P1000263\" src=\"http:\/\/www.kraeuterklatsch.de\/wp-content\/uploads\/2011\/09\/P1000263-300x225.jpg\" alt=\"\" width=\"300\" height=\"225\" srcset=\"http:\/\/www.kraeuterklatsch.de\/wp-content\/uploads\/2011\/09\/P1000263-300x225.jpg 300w, http:\/\/www.kraeuterklatsch.de\/wp-content\/uploads\/2011\/09\/P1000263.jpg 1024w\" sizes=\"(max-width: 300px) 100vw, 300px\" \/><\/a>Dieses Jahr will ich den Amaranthus caudatus Gartenfuchsschwanz ernten.\u00a0Die K\u00f6rner sollen besonders f\u00fcr Allergiker geeignet sein, da ihnen das Klebereiwei\u00df fehlt also ist es glutenfrei.\u00a0 Die Bl\u00e4tter kann man wie Gem\u00fcse (soll \u00e4hnlich wie Spinat schmecken) essen, aber vor der Bl\u00fcte ernten, das kann ich leider erst n\u00e4chstes Jahr ausprobieren. Die K\u00f6rner ernten soll schwierig sein, ich bin sehr gespannt bald kann ich meine ersten Erfahrungen notieren. Was mich an dieser Pflanze so fasziniert ist, dass es sich um\u00a0 eine alte Kulturpflanze handelt die zu den \u00e4ltesten Nutzpflanzen der Menschheit z\u00e4hlt und sieht dabei noch wundersch\u00f6n aus.<a href=\"http:\/\/www.kraeuterklatsch.de\/wp-content\/uploads\/2011\/09\/amaranth.jpg\"><img loading=\"lazy\" class=\"alignnone size-medium wp-image-118\" title=\"amaranth\" src=\"http:\/\/www.kraeuterklatsch.de\/wp-content\/uploads\/2011\/09\/amaranth-225x300.jpg\" alt=\"\" width=\"225\" height=\"300\" srcset=\"http:\/\/www.kraeuterklatsch.de\/wp-content\/uploads\/2011\/09\/amaranth-225x300.jpg 225w, http:\/\/www.kraeuterklatsch.de\/wp-content\/uploads\/2011\/09\/amaranth.jpg 768w\" sizes=\"(max-width: 225px) 100vw, 225px\" \/><\/a>\u00a0 \u00a0 \u00a0 \u00a0 \u00a0 \u00a0 \u00a0 \u00a0 \u00a0 \u00a0 \u00a0 \u00a0 \u00a0 \u00a0 \u00a0 \u00a0 \u00a0 \u00a0 \u00a0 \u00a0 \u00a0 \u00a0 \u00a0 \u00a0 \u00a0 \u00a0 \u00a0 \u00a0 \u00a0 \u00a0 \u00a0 \u00a0 \u00a0 \u00a0 \u00a0 \u00a0 \u00a0 \u00a0 \u00a0 \u00a0 \u00a0 \u00a0 \u00a0 \u00a0 \u00a0 \u00a0 \u00a0 \u00a0 \u00a0 \u00a0 \u00a0 \u00a0 \u00a0 \u00a0 \u00a0 \u00a0 \u00a0 \u00a0 \u00a0 \u00a0 \u00a0 \u00a0 \u00a0 \u00a0 \u00a0 \u00a0 \u00a0 \u00a0 \u00a0 \u00a0 \u00a0 \u00a0 \u00a0 \u00a0 \u00a0 \u00a0 \u00a0 \u00a0 \u00a0 \u00a0 \u00a0 \u00a0 \u00a0 \u00a0 \u00a0 \u00a0 \u00a0 \u00a0 \u00a0 \u00a0 \u00a0 \u00a0 \u00a0 \u00a0 \u00a0 \u00a0 \u00a0 \u00a0 \u00a0 \u00a0 \u00a0 \u00a0 \u00a0 \u00a0 \u00a0 \u00a0 \u00a0 \u00a0 \u00a0 \u00a0 \u00a0 \u00a0 So,ich habe nun geerntet, die reifen K\u00f6rner habe ich in eine gedrechselte Holzschale gef\u00fcllt und der Wind und \u00a0<\/em><\/p>\n<p>kr\u00e4ftiges Blasen haben die K\u00f6rner von den nicht essbaren Kleinteilen getrennt. Wundersch\u00f6ne Samen ich werde sie im Brot mitbacken.<\/p>\n","protected":false},"excerpt":{"rendered":"<p>Dieses Jahr will ich den Amaranthus caudatus Gartenfuchsschwanz ernten.\u00a0Die K\u00f6rner sollen besonders f\u00fcr Allergiker geeignet sein, da ihnen das Klebereiwei\u00df fehlt also ist es glutenfrei.\u00a0 Die Bl\u00e4tter kann man wie Gem\u00fcse (soll \u00e4hnlich wie Spinat schmecken) essen, aber vor der &hellip; <a href=\"http:\/\/www.kraeuterklatsch.de\/?p=112\">Weiterlesen <span class=\"meta-nav\">&rarr;<\/span><\/a><\/p>\n","protected":false},"author":1,"featured_media":0,"comment_status":"open","ping_status":"open","sticky":false,"template":"","format":"standard","meta":[],"categories":[10],"tags":[],"_links":{"self":[{"href":"http:\/\/www.kraeuterklatsch.de\/index.php?rest_route=\/wp\/v2\/posts\/112"}],"collection":[{"href":"http:\/\/www.kraeuterklatsch.de\/index.php?rest_route=\/wp\/v2\/posts"}],"about":[{"href":"http:\/\/www.kraeuterklatsch.de\/index.php?rest_route=\/wp\/v2\/types\/post"}],"author":[{"embeddable":true,"href":"http:\/\/www.kraeuterklatsch.de\/index.php?rest_route=\/wp\/v2\/users\/1"}],"replies":[{"embeddable":true,"href":"http:\/\/www.kraeuterklatsch.de\/index.php?rest_route=%2Fwp%2Fv2%2Fcomments&post=112"}],"version-history":[{"count":5,"href":"http:\/\/www.kraeuterklatsch.de\/index.php?rest_route=\/wp\/v2\/posts\/112\/revisions"}],"predecessor-version":[{"id":115,"href":"http:\/\/www.kraeuterklatsch.de\/index.php?rest_route=\/wp\/v2\/posts\/112\/revisions\/115"}],"wp:attachment":[{"href":"http:\/\/www.kraeuterklatsch.de\/index.php?rest_route=%2Fwp%2Fv2%2Fmedia&parent=112"}],"wp:term":[{"taxonomy":"category","embeddable":true,"href":"http:\/\/www.kraeuterklatsch.de\/index.php?rest_route=%2Fwp%2Fv2%2Fcategories&post=112"},{"taxonomy":"post_tag","embeddable":true,"href":"http:\/\/www.kraeuterklatsch.de\/index.php?rest_route=%2Fwp%2Fv2%2Ftags&post=112"}],"curies":[{"name":"wp","href":"https:\/\/api.w.org\/{rel}","templated":true}]}}