{"id":1679,"date":"2014-09-11T11:22:34","date_gmt":"2014-09-11T09:22:34","guid":{"rendered":"http:\/\/www.kraeuterklatsch.de\/?p=1679"},"modified":"2014-09-11T11:34:35","modified_gmt":"2014-09-11T09:34:35","slug":"liebster-award","status":"publish","type":"post","link":"http:\/\/www.kraeuterklatsch.de\/?p=1679","title":{"rendered":"Liebster Award"},"content":{"rendered":"<h4>Oh wie sch\u00f6n ich f\u00fchle mich sehr geehrt , Madita (http:\/\/gartengemuese.wordpress.com) hat mich \u00a0nominiert &#8220;Liebster Award &#8220;\u2013 unbekanntere Blogs sollen mehr in die \u00d6ffentlichkeit kommen, der Nominierte beantwortet die Fragen, die sich der Nominierende ausgesucht hat \u2026<\/h4>\n<p>&nbsp;<\/p>\n<h2><\/h2>\n<h2>Die Regeln f\u00fcr den \u201cLiebster Award\u201d sind folgende:<\/h2>\n<ul>\n<li>Die Person verlinken, die dich nominiert hat. Diese kann auch nicht erneut nominiert werden.<\/li>\n<li>11 andere Blogger\u00a0mit weniger als 200 Followern nominieren<\/li>\n<li>Beantworte die gestellten 11 Fragen und stelle selbst 11 Fragen deiner Wahl.<\/li>\n<li>Die Nominierten m\u00fcssen informiert werden. (Stelle einen Link zu deinem Post f\u00fcr mehr Infos.)<\/li>\n<\/ul>\n<p><em><strong>Ich nominiere:<\/strong><\/em><\/p>\n<p>Doris von\u00a0http:\/\/efeuwildnis.wordpress.com<\/p>\n<p>Sigi von\u00a0http:\/\/strandsigi.blogspot.de<\/p>\n<p>Marcel von\u00a0http:\/\/derbalkongarten.wordpress.com<\/p>\n<p>Anette von\u00a0http:\/\/meinbalkon.blogspot.de<\/p>\n<p>Sonja von\u00a0http:\/\/sonjasperspektive.wordpress.com<\/p>\n<p>http:\/\/textkind.wordpress.com<\/p>\n<p>http:\/\/www.attensaat.de<\/p>\n<p>http:\/\/www.krautundblueten.de<\/p>\n<p>&nbsp;<\/p>\n<p>&nbsp;<\/p>\n<p><em><strong>1<\/strong><strong>1 Fragen von Madita:<\/strong><\/em><\/p>\n<ol>\n<li>Kannst du uns deinen Blog in nur drei Worten beschreiben?<span style=\"color: #99cc00;\"> Kr\u00e4uter,Garten,Natur<\/span><\/li>\n<li>Seit wann bist du als BloggerIn unterwegs und was hat dich dazu bewegt? <span style=\"color: #99cc00;\">Seit Juli 2011. \u00a0Meine S\u00f6hne sind Schuld daran \ud83d\ude42<\/span><\/li>\n<li>An welchem Motiv kannst du nicht vorbei gehen ohne zu denken: Das muss ich in meinem Blog zeigen?<span style=\"color: #99cc00;\"> Fremde Pflanze.<\/span><\/li>\n<li>Bist du ein Mensch, den es eher ans Meer oder doch lieber in die Berge zieht? <span style=\"color: #99cc00;\">Ich kann mich nicht entscheiden.<\/span><\/li>\n<li>Wie viele L\u00e4nder hast du schon bereist (gern auch welche)?<span style=\"color: #99cc00;\"> Kroatien,Italien,S\u00fcdfrankreich,\u00d6sterreich,Schweiz,Ungarn,Holland und Schottland.<\/span><\/li>\n<li>Ich glaube daran, dass jeder Mensch sich mit einem bestinmten Land identifizieren l\u00e4sst \u2013 welches Land bist du?<span style=\"color: #99cc00;\"> Hihi &#8211; ganz klar Baden -W\u00fcrttemberg.<\/span><\/li>\n<li>Deine sch\u00f6nste Kindheitserinnerung?\u00a0<span style=\"color: #99cc00;\">Fr\u00f6sche und Lurche fangen.<\/span><\/li>\n<li>Der Moment deines Lebens! Welche Kamera bevorzugst du? Analog oder digital und warum? <span style=\"color: #99cc00;\">Ich liebe meine Lumix FZ48-digital ich kann spontaner fotografieren.<\/span><\/li>\n<li>Welche Pflanzen hast du in deiner Wohnung?\u00a0<span style=\"color: #99cc00;\">Kaffeebaum,Vanille, Frauenschuh, Ficus,Kakteen, normale Orchideen.<\/span><\/li>\n<li>In welchen Situationen schreit der Gerechtigkeitssinn in dir?\u00a0<span style=\"color: #99cc00;\">Unrecht gegen Kinder.<\/span><\/li>\n<li>Was auf dieser Welt sollten auch vier Generationen nach uns noch erleben d\u00fcrfen?\u00a0<span style=\"color: #99cc00;\">Es w\u00e4re sch\u00f6n wenn meine Urururenkel auch Fr\u00f6sche und Lurche fangen k\u00f6nnten.<\/span><\/li>\n<\/ol>\n<p><em><strong>11 Fragen von mir:<\/strong><\/em><\/p>\n<p>1.Magst Du Museen? Und wenn ja, welches sollte ich mir unbedingt anschauen?<\/p>\n<p>2. Welche Stadt sollte man unbedingt mal besuchen?<\/p>\n<p>3.Wie lebst Du? Stadt-Land-Haus-Wohnung?<\/p>\n<p>4.Was war das Tollste das du mit deinem Blog erlebt hast?<\/p>\n<p>5. Dein liebstes Fortbewegungsmittel?<\/p>\n<p>6. Dein sch\u00f6nstes Erlebnis 2014?<\/p>\n<p>7.Wieviel Zeit verbringst du am PC?<\/p>\n<p>8.Deine Lieblingspflanze\/Blume?<\/p>\n<p>9. Dein Lieblingsheilkraut?<\/p>\n<p>10.Was m\u00fcsste ganz dringend noch erfunden werden?<\/p>\n<p>11.Waren meine Fragen sehr schlimm f\u00fcr dich?<\/p>\n<p>&nbsp;<\/p>\n","protected":false},"excerpt":{"rendered":"<p>Oh wie sch\u00f6n ich f\u00fchle mich sehr geehrt , Madita (http:\/\/gartengemuese.wordpress.com) hat mich \u00a0nominiert &#8220;Liebster Award &#8220;\u2013 unbekanntere Blogs sollen mehr in die \u00d6ffentlichkeit kommen, der Nominierte beantwortet die Fragen, die sich der Nominierende ausgesucht hat \u2026 &nbsp; Die Regeln &hellip; <a href=\"http:\/\/www.kraeuterklatsch.de\/?p=1679\">Weiterlesen <span class=\"meta-nav\">&rarr;<\/span><\/a><\/p>\n","protected":false},"author":1,"featured_media":0,"comment_status":"open","ping_status":"open","sticky":false,"template":"","format":"standard","meta":[],"categories":[1],"tags":[],"_links":{"self":[{"href":"http:\/\/www.kraeuterklatsch.de\/index.php?rest_route=\/wp\/v2\/posts\/1679"}],"collection":[{"href":"http:\/\/www.kraeuterklatsch.de\/index.php?rest_route=\/wp\/v2\/posts"}],"about":[{"href":"http:\/\/www.kraeuterklatsch.de\/index.php?rest_route=\/wp\/v2\/types\/post"}],"author":[{"embeddable":true,"href":"http:\/\/www.kraeuterklatsch.de\/index.php?rest_route=\/wp\/v2\/users\/1"}],"replies":[{"embeddable":true,"href":"http:\/\/www.kraeuterklatsch.de\/index.php?rest_route=%2Fwp%2Fv2%2Fcomments&post=1679"}],"version-history":[{"count":3,"href":"http:\/\/www.kraeuterklatsch.de\/index.php?rest_route=\/wp\/v2\/posts\/1679\/revisions"}],"predecessor-version":[{"id":1703,"href":"http:\/\/www.kraeuterklatsch.de\/index.php?rest_route=\/wp\/v2\/posts\/1679\/revisions\/1703"}],"wp:attachment":[{"href":"http:\/\/www.kraeuterklatsch.de\/index.php?rest_route=%2Fwp%2Fv2%2Fmedia&parent=1679"}],"wp:term":[{"taxonomy":"category","embeddable":true,"href":"http:\/\/www.kraeuterklatsch.de\/index.php?rest_route=%2Fwp%2Fv2%2Fcategories&post=1679"},{"taxonomy":"post_tag","embeddable":true,"href":"http:\/\/www.kraeuterklatsch.de\/index.php?rest_route=%2Fwp%2Fv2%2Ftags&post=1679"}],"curies":[{"name":"wp","href":"https:\/\/api.w.org\/{rel}","templated":true}]}}