{"id":1922,"date":"2015-05-25T21:45:39","date_gmt":"2015-05-25T19:45:39","guid":{"rendered":"http:\/\/www.kraeuterklatsch.de\/?p=1922"},"modified":"2015-05-25T21:45:39","modified_gmt":"2015-05-25T19:45:39","slug":"geburt-einer-kleinen-laus","status":"publish","type":"post","link":"http:\/\/www.kraeuterklatsch.de\/?p=1922","title":{"rendered":"Geburt einer kleinen Laus"},"content":{"rendered":"<div id=\"attachment_1923\" style=\"width: 310px\" class=\"wp-caption alignright\"><a href=\"http:\/\/www.kraeuterklatsch.de\/?attachment_id=1923\" rel=\"attachment wp-att-1923\"><img aria-describedby=\"caption-attachment-1923\" loading=\"lazy\" class=\"wp-image-1923 size-medium\" src=\"http:\/\/www.kraeuterklatsch.de\/wp-content\/uploads\/2015\/05\/P1150164-300x225.jpg\" alt=\"P1150164\" width=\"300\" height=\"225\" srcset=\"http:\/\/www.kraeuterklatsch.de\/wp-content\/uploads\/2015\/05\/P1150164-300x225.jpg 300w, http:\/\/www.kraeuterklatsch.de\/wp-content\/uploads\/2015\/05\/P1150164.jpg 2048w\" sizes=\"(max-width: 300px) 100vw, 300px\" \/><\/a><p id=\"caption-attachment-1923\" class=\"wp-caption-text\">oben sieht man schon die kleine Laus .<\/p><\/div>\n<div id=\"attachment_1924\" style=\"width: 310px\" class=\"wp-caption alignright\"><a href=\"http:\/\/www.kraeuterklatsch.de\/?attachment_id=1924\" rel=\"attachment wp-att-1924\"><img aria-describedby=\"caption-attachment-1924\" loading=\"lazy\" class=\"wp-image-1924 size-medium\" src=\"http:\/\/www.kraeuterklatsch.de\/wp-content\/uploads\/2015\/05\/P1150183-300x225.jpg\" alt=\"P1150183\" width=\"300\" height=\"225\" srcset=\"http:\/\/www.kraeuterklatsch.de\/wp-content\/uploads\/2015\/05\/P1150183-300x225.jpg 300w, http:\/\/www.kraeuterklatsch.de\/wp-content\/uploads\/2015\/05\/P1150183.jpg 2048w\" sizes=\"(max-width: 300px) 100vw, 300px\" \/><\/a><p id=\"caption-attachment-1924\" class=\"wp-caption-text\">Schwups schon da<\/p><\/div>\n<div id=\"attachment_1925\" style=\"width: 310px\" class=\"wp-caption alignright\"><a href=\"http:\/\/www.kraeuterklatsch.de\/?attachment_id=1925\" rel=\"attachment wp-att-1925\"><img aria-describedby=\"caption-attachment-1925\" loading=\"lazy\" class=\"wp-image-1925 size-medium\" src=\"http:\/\/www.kraeuterklatsch.de\/wp-content\/uploads\/2015\/05\/P1150135-300x225.jpg\" alt=\"P1150135\" width=\"300\" height=\"225\" srcset=\"http:\/\/www.kraeuterklatsch.de\/wp-content\/uploads\/2015\/05\/P1150135-300x225.jpg 300w, http:\/\/www.kraeuterklatsch.de\/wp-content\/uploads\/2015\/05\/P1150135.jpg 2048w\" sizes=\"(max-width: 300px) 100vw, 300px\" \/><\/a><p id=\"caption-attachment-1925\" class=\"wp-caption-text\">das m\u00fcsste die schwarze Bohnenlaus sein<\/p><\/div>\n<div id=\"attachment_1927\" style=\"width: 310px\" class=\"wp-caption alignright\"><a href=\"http:\/\/www.kraeuterklatsch.de\/?attachment_id=1927\" rel=\"attachment wp-att-1927\"><img aria-describedby=\"caption-attachment-1927\" loading=\"lazy\" class=\"wp-image-1927 size-medium\" src=\"http:\/\/www.kraeuterklatsch.de\/wp-content\/uploads\/2015\/05\/P1150156-300x225.jpg\" alt=\"P1150156\" width=\"300\" height=\"225\" srcset=\"http:\/\/www.kraeuterklatsch.de\/wp-content\/uploads\/2015\/05\/P1150156-300x225.jpg 300w, http:\/\/www.kraeuterklatsch.de\/wp-content\/uploads\/2015\/05\/P1150156.jpg 2048w\" sizes=\"(max-width: 300px) 100vw, 300px\" \/><\/a><p id=\"caption-attachment-1927\" class=\"wp-caption-text\">schwarze Bohnenlaus<\/p><\/div>\n<p>Heute habe ich mal meine L\u00e4use im Garten fotografiert , eigentlich wollte ich wissen wie sie hei\u00dfen und wie ich sie wieder vertreiben kann. Dann habe ich zuf\u00e4llig eine L\u00e4usegeburt fotografiert \ud83d\ude42<\/p>\n<p>&nbsp;<\/p>\n<p>&nbsp;<\/p>\n<p>&nbsp;<\/p>\n<p>&nbsp;<\/p>\n<p>&nbsp;<\/p>\n<p>&nbsp;<\/p>\n<p>&nbsp;<\/p>\n<p>&nbsp;<\/p>\n<p>&nbsp;<\/p>\n<p>In meinem Garten gibt es viele verschiedene L\u00e4use es ist so schwierig alle genau zu bestimmen.<\/p>\n<p>Schwarze Bohnenl\u00e4use:Gro\u00dfe Kolonien der L\u00e4use siedeln sich vor allem an jungen Trieben der Pflanzen,Unterseiten der Bl\u00e4tter oder an den Bl\u00fctenknospen an. In den warmen Monaten \u00a0geb\u00e4ren sie bis zu f\u00fcnf lebende Junge pro Tag. Wenn eine Kolonie \u00fcberv\u00f6lkert wird, entwickeln sich gefl\u00fcgelte Blattl\u00e4use, die dann einen anderen Ort aufsuchen.<\/p>\n<p>Im Herbst paaren sich die Blattl\u00e4use und legen Eier ab. Die Eier \u00fcberdauern den Winter.<\/p>\n<p>Also k\u00f6nnen sie lebend geb\u00e4ren und Eier legen!<\/p>\n<p>&nbsp;<\/p>\n<p class=\"initial\">Normalerweise sieht der Lebenszyklus so aus: Im Fr\u00fchjahr schl\u00fcpfen aus den Eiern Stammm\u00fctter. Diese bilden durch Jungfernzeugung Nachkommen &#8211; zwei bis drei Generationen wachsen heran, dann folgen erst Tiere mit Fl\u00fcgeln. Diese fliegen zu neuen Geh\u00f6lzen, den sogenannten Sommerwirten. Hier vermehren sich die Tiere weiter, je nach Witterung sind mehrere Generationen den Sommer \u00fcber m\u00f6glich.<\/p>\n<p>Im Sp\u00e4tsommer wandern die meisten Tiere wieder zur\u00fcck auf die Geh\u00f6lze (Schneeball ,Pfaffenh\u00fcttchen), die als Winterwirte dienen. Hier werden nun auch M\u00e4nnchen geboren und die Weibchen befruchtet. Es entstehen nur wenige befruchtete Eier, aber diese k\u00f6nnen auch harte Winter\u00a0\u00fcberstehen &#8211; die Grundlage f\u00fcr die Bev\u00f6lkerung des Folgejahres.<\/p>\n<p>Bek\u00e4mpfung: Zimt verstreuen , mit Raps\u00f6l spr\u00fchen, ( werde meine Fortschritte berichten)<\/p>\n<p><a href=\"http:\/\/www.kraeuterklatsch.de\/?attachment_id=1926\" rel=\"attachment wp-att-1926\"><img loading=\"lazy\" class=\"alignright size-medium wp-image-1926\" src=\"http:\/\/www.kraeuterklatsch.de\/wp-content\/uploads\/2015\/05\/P1150147-300x225.jpg\" alt=\"P1150147\" width=\"300\" height=\"225\" srcset=\"http:\/\/www.kraeuterklatsch.de\/wp-content\/uploads\/2015\/05\/P1150147-300x225.jpg 300w, http:\/\/www.kraeuterklatsch.de\/wp-content\/uploads\/2015\/05\/P1150147.jpg 2048w\" sizes=\"(max-width: 300px) 100vw, 300px\" \/><\/a> <a href=\"http:\/\/www.kraeuterklatsch.de\/?attachment_id=1928\" rel=\"attachment wp-att-1928\"><img loading=\"lazy\" class=\"alignright size-medium wp-image-1928\" src=\"http:\/\/www.kraeuterklatsch.de\/wp-content\/uploads\/2015\/05\/P1150178-300x225.jpg\" alt=\"P1150178\" width=\"300\" height=\"225\" srcset=\"http:\/\/www.kraeuterklatsch.de\/wp-content\/uploads\/2015\/05\/P1150178-300x225.jpg 300w, http:\/\/www.kraeuterklatsch.de\/wp-content\/uploads\/2015\/05\/P1150178.jpg 2048w\" sizes=\"(max-width: 300px) 100vw, 300px\" \/><\/a><\/p>\n","protected":false},"excerpt":{"rendered":"<p>Heute habe ich mal meine L\u00e4use im Garten fotografiert , eigentlich wollte ich wissen wie sie hei\u00dfen und wie ich sie wieder vertreiben kann. Dann habe ich zuf\u00e4llig eine L\u00e4usegeburt fotografiert \ud83d\ude42 &nbsp; &nbsp; &nbsp; &nbsp; &nbsp; &nbsp; &nbsp; &nbsp; &hellip; <a href=\"http:\/\/www.kraeuterklatsch.de\/?p=1922\">Weiterlesen <span class=\"meta-nav\">&rarr;<\/span><\/a><\/p>\n","protected":false},"author":1,"featured_media":1926,"comment_status":"open","ping_status":"open","sticky":false,"template":"","format":"standard","meta":[],"categories":[5],"tags":[214,213],"_links":{"self":[{"href":"http:\/\/www.kraeuterklatsch.de\/index.php?rest_route=\/wp\/v2\/posts\/1922"}],"collection":[{"href":"http:\/\/www.kraeuterklatsch.de\/index.php?rest_route=\/wp\/v2\/posts"}],"about":[{"href":"http:\/\/www.kraeuterklatsch.de\/index.php?rest_route=\/wp\/v2\/types\/post"}],"author":[{"embeddable":true,"href":"http:\/\/www.kraeuterklatsch.de\/index.php?rest_route=\/wp\/v2\/users\/1"}],"replies":[{"embeddable":true,"href":"http:\/\/www.kraeuterklatsch.de\/index.php?rest_route=%2Fwp%2Fv2%2Fcomments&post=1922"}],"version-history":[{"count":3,"href":"http:\/\/www.kraeuterklatsch.de\/index.php?rest_route=\/wp\/v2\/posts\/1922\/revisions"}],"predecessor-version":[{"id":1931,"href":"http:\/\/www.kraeuterklatsch.de\/index.php?rest_route=\/wp\/v2\/posts\/1922\/revisions\/1931"}],"wp:featuredmedia":[{"embeddable":true,"href":"http:\/\/www.kraeuterklatsch.de\/index.php?rest_route=\/wp\/v2\/media\/1926"}],"wp:attachment":[{"href":"http:\/\/www.kraeuterklatsch.de\/index.php?rest_route=%2Fwp%2Fv2%2Fmedia&parent=1922"}],"wp:term":[{"taxonomy":"category","embeddable":true,"href":"http:\/\/www.kraeuterklatsch.de\/index.php?rest_route=%2Fwp%2Fv2%2Fcategories&post=1922"},{"taxonomy":"post_tag","embeddable":true,"href":"http:\/\/www.kraeuterklatsch.de\/index.php?rest_route=%2Fwp%2Fv2%2Ftags&post=1922"}],"curies":[{"name":"wp","href":"https:\/\/api.w.org\/{rel}","templated":true}]}}