{"id":2011,"date":"2015-09-17T11:21:48","date_gmt":"2015-09-17T09:21:48","guid":{"rendered":"http:\/\/www.kraeuterklatsch.de\/?p=2011"},"modified":"2015-09-17T11:21:48","modified_gmt":"2015-09-17T09:21:48","slug":"farne-so-schoen-aber-giftig","status":"publish","type":"post","link":"http:\/\/www.kraeuterklatsch.de\/?p=2011","title":{"rendered":"Farne so sch\u00f6n aber giftig"},"content":{"rendered":"<p>Farne sind so wundersch\u00f6n-doch ich wei\u00df nie wie sie hei\u00dfen.Ich fotografiere jetzt alle die ich sehe und versuche sie zu bestimmen . Hier die 1. Aufnahmen (die meisten Fotos vom Pfalzurlaub).<\/p>\n<p>Der Farn\u00a0ist einer der \u00e4ltesten Pflanzen der Erde. In der Urzeit erreichte er Baum-H\u00f6he ,damals \u00fcberwucherte er die Erde mit dichten W\u00e4ldern und heute wird er h\u00f6chstens 1m hoch. Fr\u00fcher wurde er als Wurmmittel eingenommen aber da er leicht giftig ist w\u00fcrde ich es nicht versuchen.<\/p>\n<p id=\"TWP11\" class=\"twForbidden\"><span class=\"inText_ignore\">\u00c4u\u00dferlich kann der Farn in Form von Tinkturen jedoch angewendet werden. Soll bei Rheuma,Gicht,Nervenschmerzen ,Kreuzschmerzen, Ischiaschmerzen oder auch Wadenkr\u00e4mpfen helfen.<\/span><\/p>\n<p id=\"TWP12\" class=\"twForbidden\">\n<p>Tinktur<\/p>\n<p>Die Wurzel des Wurmfarnes im September ernten, reinigen und in kleine St\u00fccke schneiden. In einem Gef\u00e4\u00df (z.B.Flasche mit breitem Hals,verschlie\u00dfbar) geben und mit hochprozentigem Alkohol \u00fcbergie\u00dfen. Das Glas verschlie\u00dfen und \u00a0etwa 4 Wochen lange stehen lassen. Danach abseihen und in einer dunklen Flasche aufbewahren. Die Tinktur direkt auf die betroffene Stelle einreiben oder ein warmes nasses Leintuch mit den Tropfen betr\u00e4ufeln auf die schmerzende Stelle auflegen und mit einem Handtuch umwickeln.<\/p>\n<p>&nbsp;<\/p>\n<div id=\"attachment_2012\" style=\"width: 310px\" class=\"wp-caption alignright\"><a href=\"http:\/\/www.kraeuterklatsch.de\/?attachment_id=2012\" rel=\"attachment wp-att-2012\"><img aria-describedby=\"caption-attachment-2012\" loading=\"lazy\" class=\"wp-image-2012 size-medium\" src=\"http:\/\/www.kraeuterklatsch.de\/wp-content\/uploads\/2015\/09\/P1170109-300x225.jpg\" alt=\"P1170109\" width=\"300\" height=\"225\" srcset=\"http:\/\/www.kraeuterklatsch.de\/wp-content\/uploads\/2015\/09\/P1170109-300x225.jpg 300w, http:\/\/www.kraeuterklatsch.de\/wp-content\/uploads\/2015\/09\/P1170109.jpg 2048w\" sizes=\"(max-width: 300px) 100vw, 300px\" \/><\/a><p id=\"caption-attachment-2012\" class=\"wp-caption-text\">Mauerraute : vor allem an \u00e4ltere Mauern und an historischen Geb\u00e4uden-wurde fr\u00fcher als Heilkraut benutzt aber Vorsicht auch dieser Farn ist leicht giftig<\/p><\/div>\n<div id=\"attachment_2022\" style=\"width: 310px\" class=\"wp-caption alignright\"><a href=\"http:\/\/www.kraeuterklatsch.de\/?attachment_id=2022\" rel=\"attachment wp-att-2022\"><img aria-describedby=\"caption-attachment-2022\" loading=\"lazy\" class=\"size-medium wp-image-2022\" src=\"http:\/\/www.kraeuterklatsch.de\/wp-content\/uploads\/2015\/09\/P11701841-300x225.jpg\" alt=\"Gew\u00f6hnlicher Wurmfarn\" width=\"300\" height=\"225\" srcset=\"http:\/\/www.kraeuterklatsch.de\/wp-content\/uploads\/2015\/09\/P11701841-300x225.jpg 300w, http:\/\/www.kraeuterklatsch.de\/wp-content\/uploads\/2015\/09\/P11701841.jpg 2048w\" sizes=\"(max-width: 300px) 100vw, 300px\" \/><\/a><p id=\"caption-attachment-2022\" class=\"wp-caption-text\">Gew\u00f6hnlicher Wurmfarn<\/p><\/div>\n<div id=\"attachment_2023\" style=\"width: 310px\" class=\"wp-caption alignright\"><a href=\"http:\/\/www.kraeuterklatsch.de\/?attachment_id=2023\" rel=\"attachment wp-att-2023\"><img aria-describedby=\"caption-attachment-2023\" loading=\"lazy\" class=\"wp-image-2023 size-medium\" src=\"http:\/\/www.kraeuterklatsch.de\/wp-content\/uploads\/2015\/09\/P11701851-300x225.jpg\" alt=\"P1170185\" width=\"300\" height=\"225\" srcset=\"http:\/\/www.kraeuterklatsch.de\/wp-content\/uploads\/2015\/09\/P11701851-300x225.jpg 300w, http:\/\/www.kraeuterklatsch.de\/wp-content\/uploads\/2015\/09\/P11701851.jpg 2048w\" sizes=\"(max-width: 300px) 100vw, 300px\" \/><\/a><p id=\"caption-attachment-2023\" class=\"wp-caption-text\">Gew\u00f6hnlicher Wurmfarn<\/p><\/div>\n<div id=\"attachment_2013\" style=\"width: 310px\" class=\"wp-caption alignright\"><a href=\"http:\/\/www.kraeuterklatsch.de\/?attachment_id=2013\" rel=\"attachment wp-att-2013\"><img aria-describedby=\"caption-attachment-2013\" loading=\"lazy\" class=\"wp-image-2013 size-medium\" src=\"http:\/\/www.kraeuterklatsch.de\/wp-content\/uploads\/2015\/09\/P1170131-300x225.jpg\" alt=\"P1170131\" width=\"300\" height=\"225\" srcset=\"http:\/\/www.kraeuterklatsch.de\/wp-content\/uploads\/2015\/09\/P1170131-300x225.jpg 300w, http:\/\/www.kraeuterklatsch.de\/wp-content\/uploads\/2015\/09\/P1170131.jpg 2048w\" sizes=\"(max-width: 300px) 100vw, 300px\" \/><\/a><p id=\"caption-attachment-2013\" class=\"wp-caption-text\">Brauner Streifenfarn<\/p><\/div>\n<div id=\"attachment_2017\" style=\"width: 310px\" class=\"wp-caption alignright\"><a href=\"http:\/\/www.kraeuterklatsch.de\/?attachment_id=2017\" rel=\"attachment wp-att-2017\"><img aria-describedby=\"caption-attachment-2017\" loading=\"lazy\" class=\"wp-image-2017 size-medium\" src=\"http:\/\/www.kraeuterklatsch.de\/wp-content\/uploads\/2015\/09\/P1170191-300x225.jpg\" alt=\"P1170191\" width=\"300\" height=\"225\" srcset=\"http:\/\/www.kraeuterklatsch.de\/wp-content\/uploads\/2015\/09\/P1170191-300x225.jpg 300w, http:\/\/www.kraeuterklatsch.de\/wp-content\/uploads\/2015\/09\/P1170191.jpg 2048w\" sizes=\"(max-width: 300px) 100vw, 300px\" \/><\/a><p id=\"caption-attachment-2017\" class=\"wp-caption-text\">Adlerfarn, Adlerfarnbl\u00e4tter wachsen mehr oder weniger einzeln.<\/p><\/div>\n<div id=\"attachment_2014\" style=\"width: 310px\" class=\"wp-caption alignright\"><a href=\"http:\/\/www.kraeuterklatsch.de\/?attachment_id=2014\" rel=\"attachment wp-att-2014\"><img aria-describedby=\"caption-attachment-2014\" loading=\"lazy\" class=\"wp-image-2014 size-medium\" src=\"http:\/\/www.kraeuterklatsch.de\/wp-content\/uploads\/2015\/09\/P1170132-300x225.jpg\" alt=\"P1170132\" width=\"300\" height=\"225\" srcset=\"http:\/\/www.kraeuterklatsch.de\/wp-content\/uploads\/2015\/09\/P1170132-300x225.jpg 300w, http:\/\/www.kraeuterklatsch.de\/wp-content\/uploads\/2015\/09\/P1170132.jpg 2048w\" sizes=\"(max-width: 300px) 100vw, 300px\" \/><\/a><p id=\"caption-attachment-2014\" class=\"wp-caption-text\">Brauner Streifenfarn mit Sporen (Sori)<\/p><\/div>\n","protected":false},"excerpt":{"rendered":"<p>Farne sind so wundersch\u00f6n-doch ich wei\u00df nie wie sie hei\u00dfen.Ich fotografiere jetzt alle die ich sehe und versuche sie zu bestimmen . Hier die 1. Aufnahmen (die meisten Fotos vom Pfalzurlaub). Der Farn\u00a0ist einer der \u00e4ltesten Pflanzen der Erde. In &hellip; <a href=\"http:\/\/www.kraeuterklatsch.de\/?p=2011\">Weiterlesen <span class=\"meta-nav\">&rarr;<\/span><\/a><\/p>\n","protected":false},"author":1,"featured_media":2016,"comment_status":"open","ping_status":"open","sticky":false,"template":"","format":"standard","meta":[],"categories":[3,1],"tags":[191,231,232,233],"_links":{"self":[{"href":"http:\/\/www.kraeuterklatsch.de\/index.php?rest_route=\/wp\/v2\/posts\/2011"}],"collection":[{"href":"http:\/\/www.kraeuterklatsch.de\/index.php?rest_route=\/wp\/v2\/posts"}],"about":[{"href":"http:\/\/www.kraeuterklatsch.de\/index.php?rest_route=\/wp\/v2\/types\/post"}],"author":[{"embeddable":true,"href":"http:\/\/www.kraeuterklatsch.de\/index.php?rest_route=\/wp\/v2\/users\/1"}],"replies":[{"embeddable":true,"href":"http:\/\/www.kraeuterklatsch.de\/index.php?rest_route=%2Fwp%2Fv2%2Fcomments&post=2011"}],"version-history":[{"count":3,"href":"http:\/\/www.kraeuterklatsch.de\/index.php?rest_route=\/wp\/v2\/posts\/2011\/revisions"}],"predecessor-version":[{"id":2024,"href":"http:\/\/www.kraeuterklatsch.de\/index.php?rest_route=\/wp\/v2\/posts\/2011\/revisions\/2024"}],"wp:featuredmedia":[{"embeddable":true,"href":"http:\/\/www.kraeuterklatsch.de\/index.php?rest_route=\/wp\/v2\/media\/2016"}],"wp:attachment":[{"href":"http:\/\/www.kraeuterklatsch.de\/index.php?rest_route=%2Fwp%2Fv2%2Fmedia&parent=2011"}],"wp:term":[{"taxonomy":"category","embeddable":true,"href":"http:\/\/www.kraeuterklatsch.de\/index.php?rest_route=%2Fwp%2Fv2%2Fcategories&post=2011"},{"taxonomy":"post_tag","embeddable":true,"href":"http:\/\/www.kraeuterklatsch.de\/index.php?rest_route=%2Fwp%2Fv2%2Ftags&post=2011"}],"curies":[{"name":"wp","href":"https:\/\/api.w.org\/{rel}","templated":true}]}}