{"id":2050,"date":"2015-10-29T12:30:33","date_gmt":"2015-10-29T11:30:33","guid":{"rendered":"http:\/\/www.kraeuterklatsch.de\/?p=2050"},"modified":"2015-10-29T12:30:33","modified_gmt":"2015-10-29T11:30:33","slug":"perilla-zweifarbige-perilla-shiso","status":"publish","type":"post","link":"http:\/\/www.kraeuterklatsch.de\/?p=2050","title":{"rendered":"Perilla -Zweifarbige Perilla-Shiso"},"content":{"rendered":"<p>Dieses Jahr habe ich mir ein neues Kr\u00e4utlein zugelegt ( aus Samen hergezogen) -die Zweifarbige Perilla.<\/p>\n<p>Ein ostasiatisches W\u00fcrzkraut aus der Familie der Lippenbl\u00fctler. Die Bl\u00e4tter nutze ich zum w\u00fcrzen wie <a href=\"http:\/\/www.kraeuterklatsch.de\/?attachment_id=2051\" rel=\"attachment wp-att-2051\"><img loading=\"lazy\" class=\"alignright size-medium wp-image-2051\" src=\"http:\/\/www.kraeuterklatsch.de\/wp-content\/uploads\/2015\/10\/P1180294-225x300.jpg\" alt=\"P1180294\" width=\"225\" height=\"300\" srcset=\"http:\/\/www.kraeuterklatsch.de\/wp-content\/uploads\/2015\/10\/P1180294-225x300.jpg 225w, http:\/\/www.kraeuterklatsch.de\/wp-content\/uploads\/2015\/10\/P1180294.jpg 1536w\" sizes=\"(max-width: 225px) 100vw, 225px\" \/><\/a> <a href=\"http:\/\/www.kraeuterklatsch.de\/?attachment_id=2052\" rel=\"attachment wp-att-2052\"><img loading=\"lazy\" class=\"alignright size-medium wp-image-2052\" src=\"http:\/\/www.kraeuterklatsch.de\/wp-content\/uploads\/2015\/10\/P1180304-300x225.jpg\" alt=\"P1180304\" width=\"300\" height=\"225\" srcset=\"http:\/\/www.kraeuterklatsch.de\/wp-content\/uploads\/2015\/10\/P1180304-300x225.jpg 300w, http:\/\/www.kraeuterklatsch.de\/wp-content\/uploads\/2015\/10\/P1180304.jpg 2048w\" sizes=\"(max-width: 300px) 100vw, 300px\" \/><\/a>Petersilie. Die behaarten Bl\u00e4tter schmecken minzig.<\/p>\n<p>Soll auch bei Husten helfen.<\/p>\n<p>Da die Pflanze jetzt erst mit Bl\u00fchen beginnt habe ich sie zum \u00dcberwintern ins Haus geholt.<\/p>\n","protected":false},"excerpt":{"rendered":"<p>Dieses Jahr habe ich mir ein neues Kr\u00e4utlein zugelegt ( aus Samen hergezogen) -die Zweifarbige Perilla. Ein ostasiatisches W\u00fcrzkraut aus der Familie der Lippenbl\u00fctler. Die Bl\u00e4tter nutze ich zum w\u00fcrzen wie Petersilie. Die behaarten Bl\u00e4tter schmecken minzig. Soll auch bei &hellip; <a href=\"http:\/\/www.kraeuterklatsch.de\/?p=2050\">Weiterlesen <span class=\"meta-nav\">&rarr;<\/span><\/a><\/p>\n","protected":false},"author":1,"featured_media":2052,"comment_status":"open","ping_status":"open","sticky":false,"template":"","format":"standard","meta":[],"categories":[1],"tags":[239,31],"_links":{"self":[{"href":"http:\/\/www.kraeuterklatsch.de\/index.php?rest_route=\/wp\/v2\/posts\/2050"}],"collection":[{"href":"http:\/\/www.kraeuterklatsch.de\/index.php?rest_route=\/wp\/v2\/posts"}],"about":[{"href":"http:\/\/www.kraeuterklatsch.de\/index.php?rest_route=\/wp\/v2\/types\/post"}],"author":[{"embeddable":true,"href":"http:\/\/www.kraeuterklatsch.de\/index.php?rest_route=\/wp\/v2\/users\/1"}],"replies":[{"embeddable":true,"href":"http:\/\/www.kraeuterklatsch.de\/index.php?rest_route=%2Fwp%2Fv2%2Fcomments&post=2050"}],"version-history":[{"count":1,"href":"http:\/\/www.kraeuterklatsch.de\/index.php?rest_route=\/wp\/v2\/posts\/2050\/revisions"}],"predecessor-version":[{"id":2053,"href":"http:\/\/www.kraeuterklatsch.de\/index.php?rest_route=\/wp\/v2\/posts\/2050\/revisions\/2053"}],"wp:featuredmedia":[{"embeddable":true,"href":"http:\/\/www.kraeuterklatsch.de\/index.php?rest_route=\/wp\/v2\/media\/2052"}],"wp:attachment":[{"href":"http:\/\/www.kraeuterklatsch.de\/index.php?rest_route=%2Fwp%2Fv2%2Fmedia&parent=2050"}],"wp:term":[{"taxonomy":"category","embeddable":true,"href":"http:\/\/www.kraeuterklatsch.de\/index.php?rest_route=%2Fwp%2Fv2%2Fcategories&post=2050"},{"taxonomy":"post_tag","embeddable":true,"href":"http:\/\/www.kraeuterklatsch.de\/index.php?rest_route=%2Fwp%2Fv2%2Ftags&post=2050"}],"curies":[{"name":"wp","href":"https:\/\/api.w.org\/{rel}","templated":true}]}}