{"id":2440,"date":"2017-01-03T18:03:02","date_gmt":"2017-01-03T17:03:02","guid":{"rendered":"http:\/\/www.kraeuterklatsch.de\/?p=2440"},"modified":"2017-01-03T18:03:02","modified_gmt":"2017-01-03T17:03:02","slug":"der-walnussbaum","status":"publish","type":"post","link":"http:\/\/www.kraeuterklatsch.de\/?p=2440","title":{"rendered":"Der Walnussbaum"},"content":{"rendered":"<p>&nbsp;<\/p>\n<h1 class=\"entry-title\">Achtsam durch die Jahreszeiten<\/h1>\n<p>Ich m\u00f6chte dieses Jahr unseren Walnussbaum besonders achtsam beobachten.Hier die ersten Januar- Fotos. Achtsam durch die Jahreszeit so hei\u00dft ein Artikel in Mirjam`s Blog\u00a0www.die-haselmaus.de\/ \u00a0und ich m\u00f6chte \u00a02017 den Walnussbaum genau beobachten, was man alles mit den Fr\u00fcchten, gr\u00fcnen Fr\u00fcchten, Bl\u00e4ttern(Heilkraft) und so weiter herstellen kann .<\/p>\n<p>Unser Baum ist ca.55 bis 60 Jahre alt. Im Winter sieht seine Rinde silbrig und der knorrige Stamm sehr eindrucksvoll aus. Letztes Jahr hatte ich wieder reichliche Ernte und die Tierwelt kam auch nicht zu kurz.<\/p>\n<p>&nbsp;<\/p>\n<p><a href=\"http:\/\/www.kraeuterklatsch.de\/?attachment_id=2442\" rel=\"attachment wp-att-2442\"><img loading=\"lazy\" class=\"alignright size-medium wp-image-2442\" src=\"http:\/\/www.kraeuterklatsch.de\/wp-content\/uploads\/2017\/01\/IMG_7713-141x300.jpg\" alt=\"\" width=\"141\" height=\"300\" srcset=\"http:\/\/www.kraeuterklatsch.de\/wp-content\/uploads\/2017\/01\/IMG_7713-141x300.jpg 141w, http:\/\/www.kraeuterklatsch.de\/wp-content\/uploads\/2017\/01\/IMG_7713-768x1630.jpg 768w, http:\/\/www.kraeuterklatsch.de\/wp-content\/uploads\/2017\/01\/IMG_7713.jpg 965w\" sizes=\"(max-width: 141px) 100vw, 141px\" \/><\/a><a href=\"http:\/\/www.kraeuterklatsch.de\/?attachment_id=2444\" rel=\"attachment wp-att-2444\"><img loading=\"lazy\" class=\"alignright size-medium wp-image-2444\" src=\"http:\/\/www.kraeuterklatsch.de\/wp-content\/uploads\/2017\/01\/IMG_7711-2-225x300.jpg\" alt=\"\" width=\"225\" height=\"300\" srcset=\"http:\/\/www.kraeuterklatsch.de\/wp-content\/uploads\/2017\/01\/IMG_7711-2-225x300.jpg 225w, http:\/\/www.kraeuterklatsch.de\/wp-content\/uploads\/2017\/01\/IMG_7711-2-768x1024.jpg 768w, http:\/\/www.kraeuterklatsch.de\/wp-content\/uploads\/2017\/01\/IMG_7711-2.jpg 1536w\" sizes=\"(max-width: 225px) 100vw, 225px\" \/><\/a><\/p>\n","protected":false},"excerpt":{"rendered":"<p>&nbsp; Achtsam durch die Jahreszeiten Ich m\u00f6chte dieses Jahr unseren Walnussbaum besonders achtsam beobachten.Hier die ersten Januar- Fotos. Achtsam durch die Jahreszeit so hei\u00dft ein Artikel in Mirjam`s Blog\u00a0www.die-haselmaus.de\/ \u00a0und ich m\u00f6chte \u00a02017 den Walnussbaum genau beobachten, was man alles &hellip; <a href=\"http:\/\/www.kraeuterklatsch.de\/?p=2440\">Weiterlesen <span class=\"meta-nav\">&rarr;<\/span><\/a><\/p>\n","protected":false},"author":1,"featured_media":2444,"comment_status":"open","ping_status":"open","sticky":false,"template":"","format":"standard","meta":[],"categories":[1],"tags":[273,272],"_links":{"self":[{"href":"http:\/\/www.kraeuterklatsch.de\/index.php?rest_route=\/wp\/v2\/posts\/2440"}],"collection":[{"href":"http:\/\/www.kraeuterklatsch.de\/index.php?rest_route=\/wp\/v2\/posts"}],"about":[{"href":"http:\/\/www.kraeuterklatsch.de\/index.php?rest_route=\/wp\/v2\/types\/post"}],"author":[{"embeddable":true,"href":"http:\/\/www.kraeuterklatsch.de\/index.php?rest_route=\/wp\/v2\/users\/1"}],"replies":[{"embeddable":true,"href":"http:\/\/www.kraeuterklatsch.de\/index.php?rest_route=%2Fwp%2Fv2%2Fcomments&post=2440"}],"version-history":[{"count":1,"href":"http:\/\/www.kraeuterklatsch.de\/index.php?rest_route=\/wp\/v2\/posts\/2440\/revisions"}],"predecessor-version":[{"id":2445,"href":"http:\/\/www.kraeuterklatsch.de\/index.php?rest_route=\/wp\/v2\/posts\/2440\/revisions\/2445"}],"wp:featuredmedia":[{"embeddable":true,"href":"http:\/\/www.kraeuterklatsch.de\/index.php?rest_route=\/wp\/v2\/media\/2444"}],"wp:attachment":[{"href":"http:\/\/www.kraeuterklatsch.de\/index.php?rest_route=%2Fwp%2Fv2%2Fmedia&parent=2440"}],"wp:term":[{"taxonomy":"category","embeddable":true,"href":"http:\/\/www.kraeuterklatsch.de\/index.php?rest_route=%2Fwp%2Fv2%2Fcategories&post=2440"},{"taxonomy":"post_tag","embeddable":true,"href":"http:\/\/www.kraeuterklatsch.de\/index.php?rest_route=%2Fwp%2Fv2%2Ftags&post=2440"}],"curies":[{"name":"wp","href":"https:\/\/api.w.org\/{rel}","templated":true}]}}