{"id":2486,"date":"2017-02-26T18:29:20","date_gmt":"2017-02-26T17:29:20","guid":{"rendered":"http:\/\/www.kraeuterklatsch.de\/?p=2486"},"modified":"2017-03-15T07:23:05","modified_gmt":"2017-03-15T06:23:05","slug":"vorfruehling","status":"publish","type":"post","link":"http:\/\/www.kraeuterklatsch.de\/?p=2486","title":{"rendered":"Vorfr\u00fchling"},"content":{"rendered":"<p>So aber jetzt ist Vorfr\u00fchling , siehe Fotos \ud83d\ude42<\/p>\n<div id=\"attachment_2508\" style=\"width: 310px\" class=\"wp-caption alignright\"><a href=\"http:\/\/www.kraeuterklatsch.de\/?attachment_id=2508\" rel=\"attachment wp-att-2508\"><img aria-describedby=\"caption-attachment-2508\" loading=\"lazy\" class=\"size-medium wp-image-2508\" src=\"http:\/\/www.kraeuterklatsch.de\/wp-content\/uploads\/2017\/02\/P1220551-300x181.jpg\" alt=\"\" width=\"300\" height=\"181\" srcset=\"http:\/\/www.kraeuterklatsch.de\/wp-content\/uploads\/2017\/02\/P1220551-300x181.jpg 300w, http:\/\/www.kraeuterklatsch.de\/wp-content\/uploads\/2017\/02\/P1220551-768x463.jpg 768w, http:\/\/www.kraeuterklatsch.de\/wp-content\/uploads\/2017\/02\/P1220551.jpg 2048w\" sizes=\"(max-width: 300px) 100vw, 300px\" \/><\/a><p id=\"caption-attachment-2508\" class=\"wp-caption-text\">Die m\u00e4nnliche Bl\u00fcte der Schwarzpappel rot fast pinkfarben. Die weiblichen K\u00e4tzchen sind gr\u00fcn<\/p><\/div>\n<div id=\"attachment_2489\" style=\"width: 310px\" class=\"wp-caption alignright\"><a href=\"http:\/\/www.kraeuterklatsch.de\/?attachment_id=2489\" rel=\"attachment wp-att-2489\"><img aria-describedby=\"caption-attachment-2489\" loading=\"lazy\" class=\"size-medium wp-image-2489\" src=\"http:\/\/www.kraeuterklatsch.de\/wp-content\/uploads\/2017\/02\/P1220475-300x225.jpg\" alt=\"\" width=\"300\" height=\"225\" srcset=\"http:\/\/www.kraeuterklatsch.de\/wp-content\/uploads\/2017\/02\/P1220475-300x225.jpg 300w, http:\/\/www.kraeuterklatsch.de\/wp-content\/uploads\/2017\/02\/P1220475-768x576.jpg 768w, http:\/\/www.kraeuterklatsch.de\/wp-content\/uploads\/2017\/02\/P1220475.jpg 2048w\" sizes=\"(max-width: 300px) 100vw, 300px\" \/><\/a><p id=\"caption-attachment-2489\" class=\"wp-caption-text\">Erle , weibliche Bl\u00fcte (klein) und m\u00e4nnliche Bl\u00fcte<\/p><\/div>\n<div id=\"attachment_2490\" style=\"width: 310px\" class=\"wp-caption alignright\"><a href=\"http:\/\/www.kraeuterklatsch.de\/?attachment_id=2490\" rel=\"attachment wp-att-2490\"><img aria-describedby=\"caption-attachment-2490\" loading=\"lazy\" class=\"wp-image-2490 size-medium\" src=\"http:\/\/www.kraeuterklatsch.de\/wp-content\/uploads\/2017\/02\/P1220524-1-2-300x225.jpg\" alt=\"Haselnuss\" width=\"300\" height=\"225\" srcset=\"http:\/\/www.kraeuterklatsch.de\/wp-content\/uploads\/2017\/02\/P1220524-1-2-300x225.jpg 300w, http:\/\/www.kraeuterklatsch.de\/wp-content\/uploads\/2017\/02\/P1220524-1-2-768x576.jpg 768w, http:\/\/www.kraeuterklatsch.de\/wp-content\/uploads\/2017\/02\/P1220524-1-2.jpg 2048w\" sizes=\"(max-width: 300px) 100vw, 300px\" \/><\/a><p id=\"caption-attachment-2490\" class=\"wp-caption-text\">Weibliche Bl\u00fcte . Im Hintergrund die m\u00e4nnliche Bl\u00fcte der Haselnuss<\/p><\/div>\n<div id=\"attachment_2491\" style=\"width: 310px\" class=\"wp-caption alignright\"><a href=\"http:\/\/www.kraeuterklatsch.de\/?attachment_id=2491\" rel=\"attachment wp-att-2491\"><img aria-describedby=\"caption-attachment-2491\" loading=\"lazy\" class=\"size-medium wp-image-2491\" src=\"http:\/\/www.kraeuterklatsch.de\/wp-content\/uploads\/2017\/02\/P1220525-300x225.jpg\" alt=\"\" width=\"300\" height=\"225\" srcset=\"http:\/\/www.kraeuterklatsch.de\/wp-content\/uploads\/2017\/02\/P1220525-300x225.jpg 300w, http:\/\/www.kraeuterklatsch.de\/wp-content\/uploads\/2017\/02\/P1220525-768x576.jpg 768w, http:\/\/www.kraeuterklatsch.de\/wp-content\/uploads\/2017\/02\/P1220525.jpg 2048w\" sizes=\"(max-width: 300px) 100vw, 300px\" \/><\/a><p id=\"caption-attachment-2491\" class=\"wp-caption-text\">Winterling<\/p><\/div>\n<div id=\"attachment_2492\" style=\"width: 283px\" class=\"wp-caption alignright\"><a href=\"http:\/\/www.kraeuterklatsch.de\/?attachment_id=2492\" rel=\"attachment wp-att-2492\"><img aria-describedby=\"caption-attachment-2492\" loading=\"lazy\" class=\"size-medium wp-image-2492\" src=\"http:\/\/www.kraeuterklatsch.de\/wp-content\/uploads\/2017\/02\/P1220532-1-273x300.jpg\" alt=\"\" width=\"273\" height=\"300\" srcset=\"http:\/\/www.kraeuterklatsch.de\/wp-content\/uploads\/2017\/02\/P1220532-1-273x300.jpg 273w, http:\/\/www.kraeuterklatsch.de\/wp-content\/uploads\/2017\/02\/P1220532-1-768x844.jpg 768w, http:\/\/www.kraeuterklatsch.de\/wp-content\/uploads\/2017\/02\/P1220532-1.jpg 1863w\" sizes=\"(max-width: 273px) 100vw, 273px\" \/><\/a><p id=\"caption-attachment-2492\" class=\"wp-caption-text\">Schneegl\u00f6ckchen mit flei\u00dfiger Biene<\/p><\/div>\n<div id=\"attachment_2493\" style=\"width: 310px\" class=\"wp-caption alignright\"><a href=\"http:\/\/www.kraeuterklatsch.de\/?attachment_id=2493\" rel=\"attachment wp-att-2493\"><img aria-describedby=\"caption-attachment-2493\" loading=\"lazy\" class=\"size-medium wp-image-2493\" src=\"http:\/\/www.kraeuterklatsch.de\/wp-content\/uploads\/2017\/02\/20170226_120455-1-300x169.jpg\" alt=\"\" width=\"300\" height=\"169\" srcset=\"http:\/\/www.kraeuterklatsch.de\/wp-content\/uploads\/2017\/02\/20170226_120455-1-300x169.jpg 300w, http:\/\/www.kraeuterklatsch.de\/wp-content\/uploads\/2017\/02\/20170226_120455-1-768x432.jpg 768w, http:\/\/www.kraeuterklatsch.de\/wp-content\/uploads\/2017\/02\/20170226_120455-1.jpg 2048w\" sizes=\"(max-width: 300px) 100vw, 300px\" \/><\/a><p id=\"caption-attachment-2493\" class=\"wp-caption-text\">Der 1. Huflattich<\/p><\/div>\n","protected":false},"excerpt":{"rendered":"<p>So aber jetzt ist Vorfr\u00fchling , siehe Fotos \ud83d\ude42<\/p>\n","protected":false},"author":1,"featured_media":2490,"comment_status":"open","ping_status":"open","sticky":false,"template":"","format":"standard","meta":[],"categories":[1],"tags":[276],"_links":{"self":[{"href":"http:\/\/www.kraeuterklatsch.de\/index.php?rest_route=\/wp\/v2\/posts\/2486"}],"collection":[{"href":"http:\/\/www.kraeuterklatsch.de\/index.php?rest_route=\/wp\/v2\/posts"}],"about":[{"href":"http:\/\/www.kraeuterklatsch.de\/index.php?rest_route=\/wp\/v2\/types\/post"}],"author":[{"embeddable":true,"href":"http:\/\/www.kraeuterklatsch.de\/index.php?rest_route=\/wp\/v2\/users\/1"}],"replies":[{"embeddable":true,"href":"http:\/\/www.kraeuterklatsch.de\/index.php?rest_route=%2Fwp%2Fv2%2Fcomments&post=2486"}],"version-history":[{"count":4,"href":"http:\/\/www.kraeuterklatsch.de\/index.php?rest_route=\/wp\/v2\/posts\/2486\/revisions"}],"predecessor-version":[{"id":2510,"href":"http:\/\/www.kraeuterklatsch.de\/index.php?rest_route=\/wp\/v2\/posts\/2486\/revisions\/2510"}],"wp:featuredmedia":[{"embeddable":true,"href":"http:\/\/www.kraeuterklatsch.de\/index.php?rest_route=\/wp\/v2\/media\/2490"}],"wp:attachment":[{"href":"http:\/\/www.kraeuterklatsch.de\/index.php?rest_route=%2Fwp%2Fv2%2Fmedia&parent=2486"}],"wp:term":[{"taxonomy":"category","embeddable":true,"href":"http:\/\/www.kraeuterklatsch.de\/index.php?rest_route=%2Fwp%2Fv2%2Fcategories&post=2486"},{"taxonomy":"post_tag","embeddable":true,"href":"http:\/\/www.kraeuterklatsch.de\/index.php?rest_route=%2Fwp%2Fv2%2Ftags&post=2486"}],"curies":[{"name":"wp","href":"https:\/\/api.w.org\/{rel}","templated":true}]}}