{"id":2651,"date":"2017-11-02T13:41:48","date_gmt":"2017-11-02T12:41:48","guid":{"rendered":"http:\/\/www.kraeuterklatsch.de\/?p=2651"},"modified":"2017-11-02T13:44:46","modified_gmt":"2017-11-02T12:44:46","slug":"nachtkerze-samen","status":"publish","type":"post","link":"http:\/\/www.kraeuterklatsch.de\/?p=2651","title":{"rendered":"Nachtkerze -Samen"},"content":{"rendered":"<p><a href=\"http:\/\/www.kraeuterklatsch.de\/?attachment_id=1616\" rel=\"attachment wp-att-1616\"><span style=\"color: #000000;\">Diesen<\/span>\u00a0<span style=\"color: #000000;\">Herbst habe ich den Samen der Nachtkerze gesammelt.\u00a0<\/span><\/a><\/p>\n<p>&nbsp;<\/p>\n<p>Die Samen enthalten Gamma-Linolens\u00e4ure, \u00a0die Nachtkerze geh\u00f6rt zu den Hauptlieferanten dieser wertvollen und unges\u00e4ttigten Fetts\u00e4ure.\u00a0Gamma-Linolens\u00e4ure soll eine positive Wirkungen auf den K\u00f6rper haben, unter anderem soll sie entz\u00fcndungshemmend und blutreinigend sein, unterst\u00fctzt das Nervensystem und hilft bei Arteriosklerose und Hautproblemen.<\/p>\n<p>Ich werde mir jeden Tag ein L\u00f6ffelchen voll ins M\u00fcsli geben.<\/p>\n<p>2014 habe ich schon mal \u00fcber die Nachtkerze geschrieben:\u00a0http:\/\/www.kraeuterklatsch.de\/?p=1615<\/p>\n<p><a href=\"http:\/\/www.kraeuterklatsch.de\/?attachment_id=1616\" rel=\"attachment wp-att-1616\"><br \/>\n<img loading=\"lazy\" class=\"alignright size-medium wp-image-1616\" src=\"http:\/\/www.kraeuterklatsch.de\/wp-content\/uploads\/2014\/07\/P1090874-225x300.jpg\" alt=\"\" width=\"225\" height=\"300\" srcset=\"http:\/\/www.kraeuterklatsch.de\/wp-content\/uploads\/2014\/07\/P1090874-225x300.jpg 225w, http:\/\/www.kraeuterklatsch.de\/wp-content\/uploads\/2014\/07\/P1090874.jpg 1536w\" sizes=\"(max-width: 225px) 100vw, 225px\" \/><\/a><\/p>\n<div id=\"attachment_2652\" style=\"width: 310px\" class=\"wp-caption alignright\"><a href=\"http:\/\/www.kraeuterklatsch.de\/?attachment_id=2652\" rel=\"attachment wp-att-2652\"><img aria-describedby=\"caption-attachment-2652\" loading=\"lazy\" class=\"wp-image-2652 size-medium\" src=\"http:\/\/www.kraeuterklatsch.de\/wp-content\/uploads\/2017\/11\/DSC02219-300x200.jpg\" alt=\"\" width=\"300\" height=\"200\" srcset=\"http:\/\/www.kraeuterklatsch.de\/wp-content\/uploads\/2017\/11\/DSC02219-300x200.jpg 300w, http:\/\/www.kraeuterklatsch.de\/wp-content\/uploads\/2017\/11\/DSC02219-768x512.jpg 768w, http:\/\/www.kraeuterklatsch.de\/wp-content\/uploads\/2017\/11\/DSC02219.jpg 2048w\" sizes=\"(max-width: 300px) 100vw, 300px\" \/><\/a><p id=\"caption-attachment-2652\" class=\"wp-caption-text\">Die Samenkapseln<\/p><\/div>\n<div id=\"attachment_2653\" style=\"width: 310px\" class=\"wp-caption alignright\"><a href=\"http:\/\/www.kraeuterklatsch.de\/?attachment_id=2653\" rel=\"attachment wp-att-2653\"><img aria-describedby=\"caption-attachment-2653\" loading=\"lazy\" class=\"wp-image-2653 size-medium\" src=\"http:\/\/www.kraeuterklatsch.de\/wp-content\/uploads\/2017\/11\/DSC02226-300x200.jpg\" alt=\"\" width=\"300\" height=\"200\" srcset=\"http:\/\/www.kraeuterklatsch.de\/wp-content\/uploads\/2017\/11\/DSC02226-300x200.jpg 300w, http:\/\/www.kraeuterklatsch.de\/wp-content\/uploads\/2017\/11\/DSC02226-768x512.jpg 768w, http:\/\/www.kraeuterklatsch.de\/wp-content\/uploads\/2017\/11\/DSC02226.jpg 1500w\" sizes=\"(max-width: 300px) 100vw, 300px\" \/><\/a><p id=\"caption-attachment-2653\" class=\"wp-caption-text\">beim Samen sammeln<\/p><\/div>\n<p><a href=\"http:\/\/www.kraeuterklatsch.de\/?attachment_id=1618\" rel=\"attachment wp-att-1618\"><img loading=\"lazy\" class=\"alignright size-medium wp-image-1618\" src=\"http:\/\/www.kraeuterklatsch.de\/wp-content\/uploads\/2014\/07\/P1090875-225x300.jpg\" alt=\"\" width=\"225\" height=\"300\" srcset=\"http:\/\/www.kraeuterklatsch.de\/wp-content\/uploads\/2014\/07\/P1090875-225x300.jpg 225w, http:\/\/www.kraeuterklatsch.de\/wp-content\/uploads\/2014\/07\/P1090875.jpg 1536w\" sizes=\"(max-width: 225px) 100vw, 225px\" \/><\/a><\/p>\n","protected":false},"excerpt":{"rendered":"<p>Diesen\u00a0Herbst habe ich den Samen der Nachtkerze gesammelt.\u00a0 &nbsp; Die Samen enthalten Gamma-Linolens\u00e4ure, \u00a0die Nachtkerze geh\u00f6rt zu den Hauptlieferanten dieser wertvollen und unges\u00e4ttigten Fetts\u00e4ure.\u00a0Gamma-Linolens\u00e4ure soll eine positive Wirkungen auf den K\u00f6rper haben, unter anderem soll sie entz\u00fcndungshemmend und blutreinigend sein, &hellip; <a href=\"http:\/\/www.kraeuterklatsch.de\/?p=2651\">Weiterlesen <span class=\"meta-nav\">&rarr;<\/span><\/a><\/p>\n","protected":false},"author":1,"featured_media":2652,"comment_status":"open","ping_status":"open","sticky":false,"template":"","format":"standard","meta":[],"categories":[1],"tags":[297,95],"_links":{"self":[{"href":"http:\/\/www.kraeuterklatsch.de\/index.php?rest_route=\/wp\/v2\/posts\/2651"}],"collection":[{"href":"http:\/\/www.kraeuterklatsch.de\/index.php?rest_route=\/wp\/v2\/posts"}],"about":[{"href":"http:\/\/www.kraeuterklatsch.de\/index.php?rest_route=\/wp\/v2\/types\/post"}],"author":[{"embeddable":true,"href":"http:\/\/www.kraeuterklatsch.de\/index.php?rest_route=\/wp\/v2\/users\/1"}],"replies":[{"embeddable":true,"href":"http:\/\/www.kraeuterklatsch.de\/index.php?rest_route=%2Fwp%2Fv2%2Fcomments&post=2651"}],"version-history":[{"count":1,"href":"http:\/\/www.kraeuterklatsch.de\/index.php?rest_route=\/wp\/v2\/posts\/2651\/revisions"}],"predecessor-version":[{"id":2654,"href":"http:\/\/www.kraeuterklatsch.de\/index.php?rest_route=\/wp\/v2\/posts\/2651\/revisions\/2654"}],"wp:featuredmedia":[{"embeddable":true,"href":"http:\/\/www.kraeuterklatsch.de\/index.php?rest_route=\/wp\/v2\/media\/2652"}],"wp:attachment":[{"href":"http:\/\/www.kraeuterklatsch.de\/index.php?rest_route=%2Fwp%2Fv2%2Fmedia&parent=2651"}],"wp:term":[{"taxonomy":"category","embeddable":true,"href":"http:\/\/www.kraeuterklatsch.de\/index.php?rest_route=%2Fwp%2Fv2%2Fcategories&post=2651"},{"taxonomy":"post_tag","embeddable":true,"href":"http:\/\/www.kraeuterklatsch.de\/index.php?rest_route=%2Fwp%2Fv2%2Ftags&post=2651"}],"curies":[{"name":"wp","href":"https:\/\/api.w.org\/{rel}","templated":true}]}}