{"id":2753,"date":"2018-05-15T19:01:00","date_gmt":"2018-05-15T17:01:00","guid":{"rendered":"http:\/\/www.kraeuterklatsch.de\/?p=2753"},"modified":"2018-05-15T19:01:50","modified_gmt":"2018-05-15T17:01:50","slug":"fruehe-adonislibelle-2","status":"publish","type":"post","link":"http:\/\/www.kraeuterklatsch.de\/?p=2753","title":{"rendered":"Fr\u00fche Adonislibelle"},"content":{"rendered":"<p>Diese wundersch\u00f6ne Fr\u00fche Adonisjungfer oder Adonislibelle hat mich heute besucht-ist sie nicht wundersch\u00f6n.<a href=\"http:\/\/www.kraeuterklatsch.de\/?attachment_id=2754\" rel=\"attachment wp-att-2754\"><img loading=\"lazy\" class=\"alignright size-medium wp-image-2754\" src=\"http:\/\/www.kraeuterklatsch.de\/wp-content\/uploads\/2018\/05\/P1240397-300x225.jpg\" alt=\"\" width=\"300\" height=\"225\" srcset=\"http:\/\/www.kraeuterklatsch.de\/wp-content\/uploads\/2018\/05\/P1240397-300x225.jpg 300w, http:\/\/www.kraeuterklatsch.de\/wp-content\/uploads\/2018\/05\/P1240397-768x576.jpg 768w, http:\/\/www.kraeuterklatsch.de\/wp-content\/uploads\/2018\/05\/P1240397.jpg 2048w\" sizes=\"(max-width: 300px) 100vw, 300px\" \/><\/a><a href=\"http:\/\/www.kraeuterklatsch.de\/?attachment_id=2755\" rel=\"attachment wp-att-2755\"><img loading=\"lazy\" class=\"alignright size-medium wp-image-2755\" src=\"http:\/\/www.kraeuterklatsch.de\/wp-content\/uploads\/2018\/05\/P1240394-300x225.jpg\" alt=\"\" width=\"300\" height=\"225\" srcset=\"http:\/\/www.kraeuterklatsch.de\/wp-content\/uploads\/2018\/05\/P1240394-300x225.jpg 300w, http:\/\/www.kraeuterklatsch.de\/wp-content\/uploads\/2018\/05\/P1240394-768x576.jpg 768w, http:\/\/www.kraeuterklatsch.de\/wp-content\/uploads\/2018\/05\/P1240394.jpg 2048w\" sizes=\"(max-width: 300px) 100vw, 300px\" \/><\/a><\/p>\n<p>Man kann sie von der Scharlachlibelle (rote Beine) anhand der schwarzen Beine unterscheiden.<\/p>\n<p>Obwohl sie aufgrund ihrer H\u00e4ufigkeit nicht gef\u00e4hrdet ist, steht die Art wie alle heimischen Libellen unter Naturschutz.<\/p>\n<p>&nbsp;<\/p>\n<p>&nbsp;<\/p>\n","protected":false},"excerpt":{"rendered":"<p>Diese wundersch\u00f6ne Fr\u00fche Adonisjungfer oder Adonislibelle hat mich heute besucht-ist sie nicht wundersch\u00f6n. Man kann sie von der Scharlachlibelle (rote Beine) anhand der schwarzen Beine unterscheiden. Obwohl sie aufgrund ihrer H\u00e4ufigkeit nicht gef\u00e4hrdet ist, steht die Art wie alle heimischen &hellip; <a href=\"http:\/\/www.kraeuterklatsch.de\/?p=2753\">Weiterlesen <span class=\"meta-nav\">&rarr;<\/span><\/a><\/p>\n","protected":false},"author":1,"featured_media":2754,"comment_status":"open","ping_status":"open","sticky":false,"template":"","format":"standard","meta":[],"categories":[17],"tags":[311,310],"_links":{"self":[{"href":"http:\/\/www.kraeuterklatsch.de\/index.php?rest_route=\/wp\/v2\/posts\/2753"}],"collection":[{"href":"http:\/\/www.kraeuterklatsch.de\/index.php?rest_route=\/wp\/v2\/posts"}],"about":[{"href":"http:\/\/www.kraeuterklatsch.de\/index.php?rest_route=\/wp\/v2\/types\/post"}],"author":[{"embeddable":true,"href":"http:\/\/www.kraeuterklatsch.de\/index.php?rest_route=\/wp\/v2\/users\/1"}],"replies":[{"embeddable":true,"href":"http:\/\/www.kraeuterklatsch.de\/index.php?rest_route=%2Fwp%2Fv2%2Fcomments&post=2753"}],"version-history":[{"count":2,"href":"http:\/\/www.kraeuterklatsch.de\/index.php?rest_route=\/wp\/v2\/posts\/2753\/revisions"}],"predecessor-version":[{"id":2761,"href":"http:\/\/www.kraeuterklatsch.de\/index.php?rest_route=\/wp\/v2\/posts\/2753\/revisions\/2761"}],"wp:featuredmedia":[{"embeddable":true,"href":"http:\/\/www.kraeuterklatsch.de\/index.php?rest_route=\/wp\/v2\/media\/2754"}],"wp:attachment":[{"href":"http:\/\/www.kraeuterklatsch.de\/index.php?rest_route=%2Fwp%2Fv2%2Fmedia&parent=2753"}],"wp:term":[{"taxonomy":"category","embeddable":true,"href":"http:\/\/www.kraeuterklatsch.de\/index.php?rest_route=%2Fwp%2Fv2%2Fcategories&post=2753"},{"taxonomy":"post_tag","embeddable":true,"href":"http:\/\/www.kraeuterklatsch.de\/index.php?rest_route=%2Fwp%2Fv2%2Ftags&post=2753"}],"curies":[{"name":"wp","href":"https:\/\/api.w.org\/{rel}","templated":true}]}}