{"id":2790,"date":"2018-10-24T06:15:07","date_gmt":"2018-10-24T04:15:07","guid":{"rendered":"http:\/\/www.kraeuterklatsch.de\/?p=2790"},"modified":"2018-10-24T06:15:07","modified_gmt":"2018-10-24T04:15:07","slug":"herbst-oder-doch-fruehling","status":"publish","type":"post","link":"http:\/\/www.kraeuterklatsch.de\/?p=2790","title":{"rendered":"Herbst oder doch Fr\u00fchling?"},"content":{"rendered":"<p>Habe bei einem Spaziergang einen bl\u00fchenden Apfelbaum gefunden. Im Hintergrund sieht man die Beeren eines Hartriegels. Im Garten bl\u00fchen auch viele Fr\u00fchlingsblumen. Dieser Sommer \/Herbst war einmalig aber \u00a0f\u00fcr die Pflanzen bestimmt auch stressig. Mal sehen ob an Weihnachten \u00c4pfel reifen \ud83d\ude42<\/p>\n<p><a href=\"http:\/\/www.kraeuterklatsch.de\/?attachment_id=2793\" rel=\"attachment wp-att-2793\"><img loading=\"lazy\" class=\"alignright size-medium wp-image-2793\" src=\"http:\/\/www.kraeuterklatsch.de\/wp-content\/uploads\/2018\/10\/IMG_1541-300x225.jpg\" alt=\"\" width=\"300\" height=\"225\" srcset=\"http:\/\/www.kraeuterklatsch.de\/wp-content\/uploads\/2018\/10\/IMG_1541-300x225.jpg 300w, http:\/\/www.kraeuterklatsch.de\/wp-content\/uploads\/2018\/10\/IMG_1541-768x576.jpg 768w, http:\/\/www.kraeuterklatsch.de\/wp-content\/uploads\/2018\/10\/IMG_1541.jpg 1200w\" sizes=\"(max-width: 300px) 100vw, 300px\" \/><\/a> <a href=\"http:\/\/www.kraeuterklatsch.de\/?attachment_id=2794\" rel=\"attachment wp-att-2794\"><img loading=\"lazy\" class=\"alignright size-medium wp-image-2794\" src=\"http:\/\/www.kraeuterklatsch.de\/wp-content\/uploads\/2018\/10\/IMG_1542-300x225.jpg\" alt=\"\" width=\"300\" height=\"225\" srcset=\"http:\/\/www.kraeuterklatsch.de\/wp-content\/uploads\/2018\/10\/IMG_1542-300x225.jpg 300w, http:\/\/www.kraeuterklatsch.de\/wp-content\/uploads\/2018\/10\/IMG_1542-768x576.jpg 768w, http:\/\/www.kraeuterklatsch.de\/wp-content\/uploads\/2018\/10\/IMG_1542.jpg 1200w\" sizes=\"(max-width: 300px) 100vw, 300px\" \/><\/a><\/p>\n","protected":false},"excerpt":{"rendered":"<p>Habe bei einem Spaziergang einen bl\u00fchenden Apfelbaum gefunden. Im Hintergrund sieht man die Beeren eines Hartriegels. Im Garten bl\u00fchen auch viele Fr\u00fchlingsblumen. Dieser Sommer \/Herbst war einmalig aber \u00a0f\u00fcr die Pflanzen bestimmt auch stressig. Mal sehen ob an Weihnachten \u00c4pfel &hellip; <a href=\"http:\/\/www.kraeuterklatsch.de\/?p=2790\">Weiterlesen <span class=\"meta-nav\">&rarr;<\/span><\/a><\/p>\n","protected":false},"author":1,"featured_media":2793,"comment_status":"open","ping_status":"open","sticky":false,"template":"","format":"standard","meta":[],"categories":[1],"tags":[318],"_links":{"self":[{"href":"http:\/\/www.kraeuterklatsch.de\/index.php?rest_route=\/wp\/v2\/posts\/2790"}],"collection":[{"href":"http:\/\/www.kraeuterklatsch.de\/index.php?rest_route=\/wp\/v2\/posts"}],"about":[{"href":"http:\/\/www.kraeuterklatsch.de\/index.php?rest_route=\/wp\/v2\/types\/post"}],"author":[{"embeddable":true,"href":"http:\/\/www.kraeuterklatsch.de\/index.php?rest_route=\/wp\/v2\/users\/1"}],"replies":[{"embeddable":true,"href":"http:\/\/www.kraeuterklatsch.de\/index.php?rest_route=%2Fwp%2Fv2%2Fcomments&post=2790"}],"version-history":[{"count":1,"href":"http:\/\/www.kraeuterklatsch.de\/index.php?rest_route=\/wp\/v2\/posts\/2790\/revisions"}],"predecessor-version":[{"id":2795,"href":"http:\/\/www.kraeuterklatsch.de\/index.php?rest_route=\/wp\/v2\/posts\/2790\/revisions\/2795"}],"wp:featuredmedia":[{"embeddable":true,"href":"http:\/\/www.kraeuterklatsch.de\/index.php?rest_route=\/wp\/v2\/media\/2793"}],"wp:attachment":[{"href":"http:\/\/www.kraeuterklatsch.de\/index.php?rest_route=%2Fwp%2Fv2%2Fmedia&parent=2790"}],"wp:term":[{"taxonomy":"category","embeddable":true,"href":"http:\/\/www.kraeuterklatsch.de\/index.php?rest_route=%2Fwp%2Fv2%2Fcategories&post=2790"},{"taxonomy":"post_tag","embeddable":true,"href":"http:\/\/www.kraeuterklatsch.de\/index.php?rest_route=%2Fwp%2Fv2%2Ftags&post=2790"}],"curies":[{"name":"wp","href":"https:\/\/api.w.org\/{rel}","templated":true}]}}