{"id":402,"date":"2012-05-07T17:53:02","date_gmt":"2012-05-07T11:53:02","guid":{"rendered":"http:\/\/www.kraeuterklatsch.de\/?p=402"},"modified":"2013-11-16T02:24:04","modified_gmt":"2013-11-15T20:24:04","slug":"sternmiere","status":"publish","type":"post","link":"http:\/\/www.kraeuterklatsch.de\/?p=402","title":{"rendered":"Sternmiere"},"content":{"rendered":"<p><a href=\"http:\/\/www.kraeuterklatsch.de\/wp-content\/uploads\/2012\/05\/Sternmiere.jpg\"><img loading=\"lazy\" class=\"alignright size-medium wp-image-403\" title=\"Sternmiere\" alt=\"\" src=\"http:\/\/www.kraeuterklatsch.de\/wp-content\/uploads\/2012\/05\/Sternmiere-300x225.jpg\" width=\"300\" height=\"225\" srcset=\"http:\/\/www.kraeuterklatsch.de\/wp-content\/uploads\/2012\/05\/Sternmiere-300x225.jpg 300w, http:\/\/www.kraeuterklatsch.de\/wp-content\/uploads\/2012\/05\/Sternmiere.jpg 1024w\" sizes=\"(max-width: 300px) 100vw, 300px\" \/><\/a><\/p>\n<p>Standort<br \/>\nhalbschattig, sandige Lehmb\u00f6den<br \/>\nDie zarte Pflanze kommt h\u00e4ufig vor und tritt meist in Gruppen auf. Sie findet sich in Laub- und Laub- Mischw\u00e4ldern und seltener in Nadelforsten und Geb\u00fcschen. Dort bildet sie von Mai bis Anfang Juni mit ihren zahlreichen Bl\u00fcten wei\u00dfe Polster und Teppiche.<br \/>\nFamilie: Nelkengew\u00e4chs<\/p>\n","protected":false},"excerpt":{"rendered":"<p>Standort halbschattig, sandige Lehmb\u00f6den Die zarte Pflanze kommt h\u00e4ufig vor und tritt meist in Gruppen auf. Sie findet sich in Laub- und Laub- Mischw\u00e4ldern und seltener in Nadelforsten und Geb\u00fcschen. Dort bildet sie von Mai bis Anfang Juni mit ihren &hellip; <a href=\"http:\/\/www.kraeuterklatsch.de\/?p=402\">Weiterlesen <span class=\"meta-nav\">&rarr;<\/span><\/a><\/p>\n","protected":false},"author":1,"featured_media":0,"comment_status":"open","ping_status":"open","sticky":false,"template":"","format":"standard","meta":[],"categories":[19,18],"tags":[99],"_links":{"self":[{"href":"http:\/\/www.kraeuterklatsch.de\/index.php?rest_route=\/wp\/v2\/posts\/402"}],"collection":[{"href":"http:\/\/www.kraeuterklatsch.de\/index.php?rest_route=\/wp\/v2\/posts"}],"about":[{"href":"http:\/\/www.kraeuterklatsch.de\/index.php?rest_route=\/wp\/v2\/types\/post"}],"author":[{"embeddable":true,"href":"http:\/\/www.kraeuterklatsch.de\/index.php?rest_route=\/wp\/v2\/users\/1"}],"replies":[{"embeddable":true,"href":"http:\/\/www.kraeuterklatsch.de\/index.php?rest_route=%2Fwp%2Fv2%2Fcomments&post=402"}],"version-history":[{"count":3,"href":"http:\/\/www.kraeuterklatsch.de\/index.php?rest_route=\/wp\/v2\/posts\/402\/revisions"}],"predecessor-version":[{"id":1217,"href":"http:\/\/www.kraeuterklatsch.de\/index.php?rest_route=\/wp\/v2\/posts\/402\/revisions\/1217"}],"wp:attachment":[{"href":"http:\/\/www.kraeuterklatsch.de\/index.php?rest_route=%2Fwp%2Fv2%2Fmedia&parent=402"}],"wp:term":[{"taxonomy":"category","embeddable":true,"href":"http:\/\/www.kraeuterklatsch.de\/index.php?rest_route=%2Fwp%2Fv2%2Fcategories&post=402"},{"taxonomy":"post_tag","embeddable":true,"href":"http:\/\/www.kraeuterklatsch.de\/index.php?rest_route=%2Fwp%2Fv2%2Ftags&post=402"}],"curies":[{"name":"wp","href":"https:\/\/api.w.org\/{rel}","templated":true}]}}