{"id":990,"date":"2013-07-11T17:23:17","date_gmt":"2013-07-11T11:23:17","guid":{"rendered":"http:\/\/www.kraeuterklatsch.de\/?p=990"},"modified":"2013-07-11T17:23:17","modified_gmt":"2013-07-11T11:23:17","slug":"ameisen-sackkafer","status":"publish","type":"post","link":"http:\/\/www.kraeuterklatsch.de\/?p=990","title":{"rendered":"Ameisen Sackk\u00e4fer"},"content":{"rendered":"<p><a href=\"http:\/\/www.kraeuterklatsch.de\/wp-content\/uploads\/2013\/07\/P1020697.jpg\">\u00a0<\/a><\/p>\n<p>Schwarzer, l\u00e4nglicher Blattk\u00e4fer. Das schwarze Halsschild ist glatt und gl\u00e4nzt. Die Fl\u00fcgel sind rot und haben vorne einen kleinen schwarzen Fleck und in der Mitte je Fl\u00fcgel ein gro\u00dfer Fleck .<\/p>\n<p><strong>Die Entwicklung der Larven findet in Ameisennestern statt. Nach der Paarung\u00a0\u00a0legt das Weibchen ein Ei in der N\u00e4he eines Ameisennestes ab, ergreift es mit dem hinteren Beinpaar und gibt mehrere, schnell erh\u00e4rtende Kottr\u00f6pfchen auf das Ei ab. Dieser Vorgang wird solange fortgesetzt, bis das Ei von einem Schuppenkleid umgeben ist und etwa wie ein Mini-Kiefernzapfen aussieht. Die Ameisen tragen das vermeintliche Nestmaterial in ihr Nest. Die jungen Larven fertigen sich sofort nach dem Schl\u00fcpfen eine sack\u00e4hnliche H\u00fclle aus der Eischale und aus Kot an, in der sie leben und die sie fortlaufend vergr\u00f6\u00dfern. Sie ern\u00e4hren sich von Eiern und Larven der Ameisen. Werden sie von einer Ameise ber\u00fchrt, ziehen sie sich sofort in ihre H\u00fclle zur\u00fcck und sind f\u00fcr die Ameisen unangreifbar. Die Entwicklung dauert zwei oder mehr Jahre. Die H\u00fclle der erwachsenen Larve ist etwa 14 mm lang. Die erwachsene Larve begibt sich in die N\u00e4he des Nestausganges und verpuppt sich dort in der H\u00fclle. Der fertige K\u00e4fer verl\u00e4\u00dft nach dem Schl\u00fcpfen das Nest<\/strong><\/p>\n<p>K\u00e4fer fressen Bl\u00e4tter (im wesentlichen von Weiden); die Larven ern\u00e4hren sich von Ameisenbrut.<\/p>\n<p>Und bei mir hat der K\u00e4fer auf der Wiese gevespert. \ud83d\ude42 Was es alles gibt \ud83d\ude42<\/p>\n<p><a href=\"http:\/\/www.kraeuterklatsch.de\/wp-content\/uploads\/2013\/07\/P1020697.jpg\"><img loading=\"lazy\" class=\"alignleft size-medium wp-image-991\" alt=\"P1020697\" src=\"http:\/\/www.kraeuterklatsch.de\/wp-content\/uploads\/2013\/07\/P1020697-300x225.jpg\" width=\"300\" height=\"225\" srcset=\"http:\/\/www.kraeuterklatsch.de\/wp-content\/uploads\/2013\/07\/P1020697-300x225.jpg 300w, http:\/\/www.kraeuterklatsch.de\/wp-content\/uploads\/2013\/07\/P1020697.jpg 1024w\" sizes=\"(max-width: 300px) 100vw, 300px\" \/><\/a><\/p>\n","protected":false},"excerpt":{"rendered":"<p>\u00a0 Schwarzer, l\u00e4nglicher Blattk\u00e4fer. Das schwarze Halsschild ist glatt und gl\u00e4nzt. Die Fl\u00fcgel sind rot und haben vorne einen kleinen schwarzen Fleck und in der Mitte je Fl\u00fcgel ein gro\u00dfer Fleck . Die Entwicklung der Larven findet in Ameisennestern statt. &hellip; <a href=\"http:\/\/www.kraeuterklatsch.de\/?p=990\">Weiterlesen <span class=\"meta-nav\">&rarr;<\/span><\/a><\/p>\n","protected":false},"author":1,"featured_media":0,"comment_status":"open","ping_status":"open","sticky":false,"template":"","format":"standard","meta":[],"categories":[21],"tags":[],"_links":{"self":[{"href":"http:\/\/www.kraeuterklatsch.de\/index.php?rest_route=\/wp\/v2\/posts\/990"}],"collection":[{"href":"http:\/\/www.kraeuterklatsch.de\/index.php?rest_route=\/wp\/v2\/posts"}],"about":[{"href":"http:\/\/www.kraeuterklatsch.de\/index.php?rest_route=\/wp\/v2\/types\/post"}],"author":[{"embeddable":true,"href":"http:\/\/www.kraeuterklatsch.de\/index.php?rest_route=\/wp\/v2\/users\/1"}],"replies":[{"embeddable":true,"href":"http:\/\/www.kraeuterklatsch.de\/index.php?rest_route=%2Fwp%2Fv2%2Fcomments&post=990"}],"version-history":[{"count":2,"href":"http:\/\/www.kraeuterklatsch.de\/index.php?rest_route=\/wp\/v2\/posts\/990\/revisions"}],"predecessor-version":[{"id":998,"href":"http:\/\/www.kraeuterklatsch.de\/index.php?rest_route=\/wp\/v2\/posts\/990\/revisions\/998"}],"wp:attachment":[{"href":"http:\/\/www.kraeuterklatsch.de\/index.php?rest_route=%2Fwp%2Fv2%2Fmedia&parent=990"}],"wp:term":[{"taxonomy":"category","embeddable":true,"href":"http:\/\/www.kraeuterklatsch.de\/index.php?rest_route=%2Fwp%2Fv2%2Fcategories&post=990"},{"taxonomy":"post_tag","embeddable":true,"href":"http:\/\/www.kraeuterklatsch.de\/index.php?rest_route=%2Fwp%2Fv2%2Ftags&post=990"}],"curies":[{"name":"wp","href":"https:\/\/api.w.org\/{rel}","templated":true}]}}